{"id":805,"date":"2019-01-30T18:05:51","date_gmt":"2019-01-30T17:05:51","guid":{"rendered":"https:\/\/www.marathyon85.fr\/?p=805"},"modified":"2019-01-30T18:19:28","modified_gmt":"2019-01-30T17:19:28","slug":"competitions-du-20-janvier-2019","status":"publish","type":"post","link":"https:\/\/www.marathyon85.fr\/?p=805","title":{"rendered":"Comp\u00e9titions du 20 janvier 2019"},"content":{"rendered":"\n<h5 class=\"wp-block-heading\">R\u00e9sultats :<\/h5>\n\n\n\n<figure class=\"wp-block-image is-resized\"><img loading=\"lazy\" decoding=\"async\" src=\"https:\/\/www.marathyon85.fr\/wp-content\/uploads\/2019\/01\/PO6A6933-1024x683.jpg\" alt=\"\" class=\"wp-image-806\" width=\"256\" height=\"171\" srcset=\"https:\/\/www.marathyon85.fr\/wp-content\/uploads\/2019\/01\/PO6A6933-1024x683.jpg 1024w, https:\/\/www.marathyon85.fr\/wp-content\/uploads\/2019\/01\/PO6A6933-300x200.jpg 300w, https:\/\/www.marathyon85.fr\/wp-content\/uploads\/2019\/01\/PO6A6933-768x512.jpg 768w\" sizes=\"auto, (max-width: 256px) 100vw, 256px\" \/><\/figure>\n\n\n\n<p>Cross r\u00e9gional ce weekend \u00e0 Ancenis sous la gr\u00eale au d\u00e9part pour finir sous le soleil :\nR\u00e9sultats en Master 9km : Nicolas Chauvi\u00e8re 209\u00e8me en 38&rsquo;05\u00a0\u00bb \/ Yves 222\u00e8me en 38&rsquo;21 \/ Nicolas Gaubert 307\u00e8me en 39&rsquo;44.<\/p>\n\n\n\n<figure class=\"wp-block-image is-resized\"><img loading=\"lazy\" decoding=\"async\" src=\"https:\/\/www.marathyon85.fr\/wp-content\/uploads\/2019\/01\/PO6A6902-1024x683.jpg\" alt=\"\" class=\"wp-image-807\" width=\"256\" height=\"171\" srcset=\"https:\/\/www.marathyon85.fr\/wp-content\/uploads\/2019\/01\/PO6A6902-1024x683.jpg 1024w, https:\/\/www.marathyon85.fr\/wp-content\/uploads\/2019\/01\/PO6A6902-300x200.jpg 300w, https:\/\/www.marathyon85.fr\/wp-content\/uploads\/2019\/01\/PO6A6902-768x512.jpg 768w\" sizes=\"auto, (max-width: 256px) 100vw, 256px\" \/><\/figure>\n\n\n\n<p>R\u00e9sultats du 10 km de Cugand <br> Bruno : 39&rsquo;09&nbsp; &nbsp; &nbsp;24 \u00e8me Claude : 41&rsquo;58&nbsp; &nbsp; 47 \u00e8me (2nd M3) Thierry : 46&rsquo;15&nbsp; &nbsp; 122 \u00e8me<\/p>\n","protected":false},"excerpt":{"rendered":"<p>R\u00e9sultats : Cross r\u00e9gional ce weekend \u00e0 Ancenis sous la gr\u00eale au d\u00e9part pour finir sous le soleil : R\u00e9sultats en Master 9km : Nicolas Chauvi\u00e8re 209\u00e8me en 38&rsquo;05\u00a0\u00bb \/&#46;&#46;&#46;<\/p>\n","protected":false},"author":1,"featured_media":809,"comment_status":"open","ping_status":"open","sticky":false,"template":"","format":"standard","meta":{"footnotes":""},"categories":[4,3,8],"tags":[],"class_list":["post-805","post","type-post","status-publish","format-standard","has-post-thumbnail","hentry","category-marathyon85","category-marathyon-nature","category-competition"],"_links":{"self":[{"href":"https:\/\/www.marathyon85.fr\/index.php?rest_route=\/wp\/v2\/posts\/805","targetHints":{"allow":["GET"]}}],"collection":[{"href":"https:\/\/www.marathyon85.fr\/index.php?rest_route=\/wp\/v2\/posts"}],"about":[{"href":"https:\/\/www.marathyon85.fr\/index.php?rest_route=\/wp\/v2\/types\/post"}],"author":[{"embeddable":true,"href":"https:\/\/www.marathyon85.fr\/index.php?rest_route=\/wp\/v2\/users\/1"}],"replies":[{"embeddable":true,"href":"https:\/\/www.marathyon85.fr\/index.php?rest_route=%2Fwp%2Fv2%2Fcomments&post=805"}],"version-history":[{"count":3,"href":"https:\/\/www.marathyon85.fr\/index.php?rest_route=\/wp\/v2\/posts\/805\/revisions"}],"predecessor-version":[{"id":812,"href":"https:\/\/www.marathyon85.fr\/index.php?rest_route=\/wp\/v2\/posts\/805\/revisions\/812"}],"wp:featuredmedia":[{"embeddable":true,"href":"https:\/\/www.marathyon85.fr\/index.php?rest_route=\/wp\/v2\/media\/809"}],"wp:attachment":[{"href":"https:\/\/www.marathyon85.fr\/index.php?rest_route=%2Fwp%2Fv2%2Fmedia&parent=805"}],"wp:term":[{"taxonomy":"category","embeddable":true,"href":"https:\/\/www.marathyon85.fr\/index.php?rest_route=%2Fwp%2Fv2%2Fcategories&post=805"},{"taxonomy":"post_tag","embeddable":true,"href":"https:\/\/www.marathyon85.fr\/index.php?rest_route=%2Fwp%2Fv2%2Ftags&post=805"}],"curies":[{"name":"wp","href":"https:\/\/api.w.org\/{rel}","templated":true}]}}